{"id":95,"date":"2011-12-20T12:25:32","date_gmt":"2011-12-20T11:25:32","guid":{"rendered":"http:\/\/travail.avocat-broquet.fr\/?p=95"},"modified":"2011-12-20T12:25:32","modified_gmt":"2011-12-20T11:25:32","slug":"les-conges-payes-annuels","status":"publish","type":"post","link":"https:\/\/avocat-broquet.fr\/travail\/2011\/12\/20\/les-conges-payes-annuels\/","title":{"rendered":"Les cong\u00e9s pay\u00e9s annuels"},"content":{"rendered":"<p><a href=\"http:\/\/avocat-broquet.fr\/travail\/wp-content\/uploads\/sites\/3\/2011\/12\/cong\u00e9s-pay\u00e9s-annuels.jpg\"><img decoding=\"async\" class=\"alignleft  wp-image-1893\" style=\"margin: 5px\" alt=\"cong\u00e9s pay\u00e9s annuels\" src=\"http:\/\/avocat-broquet.fr\/travail\/wp-content\/uploads\/sites\/3\/2011\/12\/cong\u00e9s-pay\u00e9s-annuels.jpg\" width=\"341\" height=\"226\" \/><\/a>La loi reconnait \u00e0 tout travailleur salari\u00e9 le droit de b\u00e9n\u00e9ficier de cong\u00e9s pay\u00e9s annuels.<\/p>\n<p>Pour conna\u00eetre la dur\u00e9e des cong\u00e9s dont peut b\u00e9n\u00e9ficier une personne, il faut se r\u00e9f\u00e9rer \u00e0 une p\u00e9riode qui se situe entre <strong>1<sup>er<\/sup> juin de l\u2019ann\u00e9e pr\u00e9c\u00e9dente et le 31 mai de l\u2019ann\u00e9e en cours<\/strong> (p\u00e9riode de r\u00e9f\u00e9rence).<\/p>\n<p>&nbsp;<\/p>\n<p>Chaque <strong>mois de travail effectif<\/strong> accompli pendant cette p\u00e9riode donne droit \u00e0 <strong>2,5 jours<\/strong> <strong>ouvrables <\/strong>de cong\u00e9s pay\u00e9s. On entend\u00a0:<\/p>\n<ul>\n<li>par <strong>mois de travail<\/strong>\u00a0: un mois de date \u00e0 date. Par exemple, le mois de travail d\u2019un salari\u00e9 embauch\u00e9 le 10 novembre se termine le 10 d\u00e9cembre. Pour un salari\u00e9 qui ne travaille ni le samedi ni le dimanche, un mois de travail repr\u00e9sente donc 4 semaines soit 24 jours de travail effectif.<\/li>\n<li>par <strong>jours ouvrables\u00a0<\/strong>: chaque jour de la semaine, sauf les dimanches (ou le jour de repos hebdomadaire correspondant) et les jours f\u00e9ri\u00e9s ch\u00f4m\u00e9s. Ainsi, un jour f\u00e9ri\u00e9 ou un dimanche, inclus dans la p\u00e9riode de cong\u00e9 pay\u00e9, prolonge d\u2019une journ\u00e9e la dur\u00e9e du cong\u00e9.<\/li>\n<\/ul>\n<p>Pour acqu\u00e9rir ce droit \u00e0 cong\u00e9s pay\u00e9s, le salari\u00e9 doit justifier d\u2019un minimum de <strong>10 jours de travail<\/strong> <strong>effectif<\/strong> chez le m\u00eame employeur, au cours de la p\u00e9riode\u00a0 de r\u00e9f\u00e9rence. D\u00e8s lors que ces 10 jours de travail effectif sont accomplis, le droit \u00e0 cong\u00e9 pay\u00e9 est ouvert et le salari\u00e9 peut, avec l\u2019accord de son employeur, en b\u00e9n\u00e9ficier sans attendre.<\/p>\n<p>Ces principes sont ceux \u00e9dict\u00e9s par le code du travail. Cependant, les conventions ou accords collectifs applicables peuvent pr\u00e9voir un r\u00e9gime plus favorable.<\/p>\n<p>&nbsp;<\/p>\n","protected":false},"excerpt":{"rendered":"<p>La loi reconnait \u00e0 tout travailleur salari\u00e9 le droit de b\u00e9n\u00e9ficier de cong\u00e9s pay\u00e9s annuels. Pour conna\u00eetre la dur\u00e9e des cong\u00e9s dont peut b\u00e9n\u00e9ficier une personne, il faut se r\u00e9f\u00e9rer \u00e0 une p\u00e9riode qui se situe entre 1er juin de l\u2019ann\u00e9e pr\u00e9c\u00e9dente et le 31 mai de l\u2019ann\u00e9e en cours  [&#8230;]<\/p>\n","protected":false},"author":1,"featured_media":1893,"comment_status":"open","ping_status":"open","sticky":false,"template":"","format":"standard","meta":{"footnotes":""},"categories":[19],"tags":[],"class_list":["post-95","post","type-post","status-publish","format-standard","has-post-thumbnail","hentry","category-conges"],"_links":{"self":[{"href":"https:\/\/avocat-broquet.fr\/travail\/wp-json\/wp\/v2\/posts\/95","targetHints":{"allow":["GET"]}}],"collection":[{"href":"https:\/\/avocat-broquet.fr\/travail\/wp-json\/wp\/v2\/posts"}],"about":[{"href":"https:\/\/avocat-broquet.fr\/travail\/wp-json\/wp\/v2\/types\/post"}],"author":[{"embeddable":true,"href":"https:\/\/avocat-broquet.fr\/travail\/wp-json\/wp\/v2\/users\/1"}],"replies":[{"embeddable":true,"href":"https:\/\/avocat-broquet.fr\/travail\/wp-json\/wp\/v2\/comments?post=95"}],"version-history":[{"count":0,"href":"https:\/\/avocat-broquet.fr\/travail\/wp-json\/wp\/v2\/posts\/95\/revisions"}],"wp:featuredmedia":[{"embeddable":true,"href":"https:\/\/avocat-broquet.fr\/travail\/wp-json\/"}],"wp:attachment":[{"href":"https:\/\/avocat-broquet.fr\/travail\/wp-json\/wp\/v2\/media?parent=95"}],"wp:term":[{"taxonomy":"category","embeddable":true,"href":"https:\/\/avocat-broquet.fr\/travail\/wp-json\/wp\/v2\/categories?post=95"},{"taxonomy":"post_tag","embeddable":true,"href":"https:\/\/avocat-broquet.fr\/travail\/wp-json\/wp\/v2\/tags?post=95"}],"curies":[{"name":"wp","href":"https:\/\/api.w.org\/{rel}","templated":true}]}}