{"id":63,"date":"2011-12-15T23:02:44","date_gmt":"2011-12-15T22:02:44","guid":{"rendered":"http:\/\/travail.avocat-broquet.fr\/?p=63"},"modified":"2011-12-15T23:02:44","modified_gmt":"2011-12-15T22:02:44","slug":"dans-quelles-conditions-peut-on-travailler-de-nuit","status":"publish","type":"post","link":"https:\/\/avocat-broquet.fr\/travail\/2011\/12\/15\/dans-quelles-conditions-peut-on-travailler-de-nuit\/","title":{"rendered":"Dans quelles conditions peut-on travailler de nuit ?"},"content":{"rendered":"<p><a href=\"http:\/\/avocat-broquet.fr\/travail\/wp-content\/uploads\/sites\/3\/2011\/12\/travail-nuit.jpg\"><img decoding=\"async\" class=\"alignleft  wp-image-1986\" style=\"margin: 5px\" alt=\"travail de nuit\" src=\"http:\/\/avocat-broquet.fr\/travail\/wp-content\/uploads\/sites\/3\/2011\/12\/travail-nuit.jpg\" width=\"303\" height=\"253\" \/><\/a>Dans une entreprise, le travail de nuit n\u2019est possible que s\u2019il est pr\u00e9vu par des conventions ou accords collectifs sp\u00e9ciaux, ou, autoris\u00e9 par l\u2019inspecteur du travail. Il doit \u00eatre <strong>justifi\u00e9 <\/strong>par les n\u00e9cessit\u00e9s de fonctionnement de l\u2019entreprise.<\/p>\n<p>La loi prot\u00e8ge ces travailleurs en pr\u00e9cisant leurs conditions de travail.<\/p>\n<p>Certaines conventions ou accords collectifs fixent la p\u00e9riode de travail de nuit entre <strong>22 heures et 7 heures. <\/strong>A d\u00e9faut de pr\u00e9cisions, il faut s\u2019en remettre \u00e0 la loi qui consid\u00e8re comme travail de nuit, tout travail effectu\u00e9 entre <strong>21 heures <\/strong>et <strong>6 heures.<\/strong><\/p>\n<p>La dur\u00e9e quotidienne de travail d\u2019un travailleur de nuit ne peut pas exc\u00e9der <strong>8 heures. <\/strong>\u00a0Une contrepartie sous forme de repos compensateur doit \u00eatre pr\u00e9vue.\u00a0 Aussi, le travailleur de nuit b\u00e9n\u00e9ficie d\u2019un <strong>droit de priorit\u00e9<\/strong>\u00a0s\u2019il souhaite reprendre une activit\u00e9 de jour dans l\u2019entreprise. L\u2019employeur est alors tenu de leur fournir la liste des emplois disponibles.<\/p>\n<p>Egalement , ils doivent \u00eatre r\u00e9guli\u00e8rement suivi par le m\u00e9decin du travail, au moment de leur affectation puis au moins tous les 6 mois.<\/p>\n<p>Un travailleur de jour peut refuser de travailler la nuit sans que cela ne soit constitutif d\u2019une faute.<\/p>\n<p>&nbsp;<\/p>\n","protected":false},"excerpt":{"rendered":"<p>Dans une entreprise, le travail de nuit n\u2019est possible que s\u2019il est pr\u00e9vu par des conventions ou accords collectifs sp\u00e9ciaux, ou, autoris\u00e9 par l\u2019inspecteur du travail. Il doit \u00eatre justifi\u00e9 par les n\u00e9cessit\u00e9s de fonctionnement de l\u2019entreprise. La loi prot\u00e8ge ces travailleurs en pr\u00e9cisant leurs conditions de travail. Certaines conventions  [&#8230;]<\/p>\n","protected":false},"author":1,"featured_media":1986,"comment_status":"open","ping_status":"open","sticky":false,"template":"","format":"standard","meta":{"footnotes":""},"categories":[16],"tags":[],"class_list":["post-63","post","type-post","status-publish","format-standard","has-post-thumbnail","hentry","category-heures-de-nuit"],"_links":{"self":[{"href":"https:\/\/avocat-broquet.fr\/travail\/wp-json\/wp\/v2\/posts\/63","targetHints":{"allow":["GET"]}}],"collection":[{"href":"https:\/\/avocat-broquet.fr\/travail\/wp-json\/wp\/v2\/posts"}],"about":[{"href":"https:\/\/avocat-broquet.fr\/travail\/wp-json\/wp\/v2\/types\/post"}],"author":[{"embeddable":true,"href":"https:\/\/avocat-broquet.fr\/travail\/wp-json\/wp\/v2\/users\/1"}],"replies":[{"embeddable":true,"href":"https:\/\/avocat-broquet.fr\/travail\/wp-json\/wp\/v2\/comments?post=63"}],"version-history":[{"count":0,"href":"https:\/\/avocat-broquet.fr\/travail\/wp-json\/wp\/v2\/posts\/63\/revisions"}],"wp:featuredmedia":[{"embeddable":true,"href":"https:\/\/avocat-broquet.fr\/travail\/wp-json\/"}],"wp:attachment":[{"href":"https:\/\/avocat-broquet.fr\/travail\/wp-json\/wp\/v2\/media?parent=63"}],"wp:term":[{"taxonomy":"category","embeddable":true,"href":"https:\/\/avocat-broquet.fr\/travail\/wp-json\/wp\/v2\/categories?post=63"},{"taxonomy":"post_tag","embeddable":true,"href":"https:\/\/avocat-broquet.fr\/travail\/wp-json\/wp\/v2\/tags?post=63"}],"curies":[{"name":"wp","href":"https:\/\/api.w.org\/{rel}","templated":true}]}}