{"id":3770,"date":"2014-12-08T17:31:00","date_gmt":"2014-12-08T16:31:00","guid":{"rendered":"http:\/\/avocat-broquet.fr\/travail?p=3770&amp;preview_id=3770"},"modified":"2014-12-08T17:31:00","modified_gmt":"2014-12-08T16:31:00","slug":"quelles-sont-les-rgles-de-negociation-et-de-depot-de-laccord-dinteressement","status":"publish","type":"post","link":"https:\/\/avocat-broquet.fr\/travail\/2014\/12\/08\/quelles-sont-les-rgles-de-negociation-et-de-depot-de-laccord-dinteressement\/","title":{"rendered":"Quelles sont les r\u00e8gles de n\u00e9gociation et de d\u00e9p\u00f4t de l&rsquo;accord d&rsquo;int\u00e9ressement ?"},"content":{"rendered":"<p><strong>L&rsquo;int\u00e9ressement est n\u00e9cessairement mis en place par accord, qui pr\u00e9cise toutes les conditions permettant de b\u00e9n\u00e9ficier du versement d&rsquo;une prime. Il est conclu selon les m\u00eames modalit\u00e9s qu&rsquo;un accord de participation et sa conclusion dans les d\u00e9lais conditionne le droit aux exon\u00e9rations fiscales et sociales pour l&rsquo;exercice en cours.<\/strong><\/p>\n<h2><strong>Quand conclure l&rsquo;accord d&rsquo;int\u00e9ressement ?<\/strong><\/h2>\n<p>L&rsquo;accord d&rsquo;int\u00e9ressement doit \u00eatre conclu avant le premier jour de la deuxi\u00e8me moiti\u00e9 de la p\u00e9riode de calcul suivant la date de sa prise d&rsquo;effet.<\/p>\n<p>Par exemple: une entreprise souhaite mettre en place un r\u00e9gime d&rsquo;int\u00e9ressement pour les exercices 2015 \u00e0 2017. Elle devra conclure l&rsquo;accord avant le 1er juillet 2015 et l&rsquo;accord pourra \u00eatre d\u00e9pos\u00e9 jusqu&rsquo;au 15 juillet 2015.<\/p>\n<h2><strong>Quelle est la dur\u00e9e d&rsquo;un accord ?<\/strong><\/h2>\n<p>L&rsquo;accord d&rsquo;int\u00e9ressement est conclu pour une dur\u00e9e de 3 ans. Il peut pr\u00e9voir son renouvellement pour une dur\u00e9e de 3 ans par tacite reconduction si aucune demande de ren\u00e9gociation n&rsquo;est pr\u00e9sent\u00e9e dans les 3 mois pr\u00e9c\u00e9dant sa date d&rsquo;\u00e9ch\u00e9ance par l&rsquo;une des parties l&rsquo;ayant sign\u00e9 ou ratifi\u00e9.<\/p>\n<h2><strong>Quel est le contenu de l&rsquo;accord ?<\/strong><\/h2>\n<p>Le contenu de l&rsquo;accord d&rsquo;int\u00e9ressement n&rsquo;est pas libre dans la mesure o\u00f9 il doit contenir imp\u00e9rativement certaines clauses. En vertu de l&rsquo;article L.3313-1 du Code du travail, \u00ab\u00a0<em>il comporte notamment un pr\u00e9ambule indiquant les motifs de l&rsquo;accord ainsi que les raisons du choix des modalit\u00e9s de calcul de l&rsquo;int\u00e9ressement et des crit\u00e8res de r\u00e9partition de ses produits<\/em>.\u00a0\u00bb<\/p>\n<p>L&rsquo;accord doit \u00e9galement mentionner sa dur\u00e9e de validit\u00e9, la p\u00e9riode pour laquelle il est conclu et calcul\u00e9, indiquer son p\u00e9rim\u00e8tre de conclusion, les types de placement et\/ou les modalit\u00e9s possibles d&rsquo;affectation des sommes ainsi que l&rsquo;identit\u00e9 des signataires.<\/p>\n<p>Il peut pr\u00e9voir des clauses facultatives, comme une condition d&rsquo;anciennet\u00e9 ou des modalit\u00e9s particuli\u00e8res de r\u00e9partition.<\/p>\n<h2><strong>Quels sont les niveaux de n\u00e9gociation possibles pour un accord d&rsquo;int\u00e9ressement?<\/strong><\/h2>\n<p>Il existe 4 niveaux de n\u00e9gociation possibles:<\/p>\n<ul>\n<li>branche professionnelle,<\/li>\n<li>groupe d&rsquo;entreprises,<\/li>\n<li>entreprise,<\/li>\n<li>et \u00e9tablissement.<\/li>\n<\/ul>\n<h2><strong>Quelles sont les formalit\u00e9s \u00e0 accomplir?<\/strong><\/h2>\n<p>L&#8217;employeur, une fois l&rsquo;accord conclu, a <strong>15 jours pour le d\u00e9poser en 2 exemplaires<\/strong> (une version papier et une version \u00e9lectronique) aupr\u00e8s de la <strong>Direccte<\/strong> du lieu de la conclusion, qui a 4 mois pour demander, apr\u00e8s consultation de l&rsquo;Urssaf dont rel\u00e8ve l&rsquo;entreprise, le retrait ou la modification des dispositions contraires aux dispositions l\u00e9gales.<\/p>\n<p>Il doit ensuite informer les salari\u00e9s via le Livret d&rsquo;Epargne salariale, des fiches d&rsquo;information jointes au bulletin de salaire, un Etat r\u00e9capitulatif et des affichages dans les locaux de travail.<\/p>\n<p>Le d\u00e9p\u00f4t, ainsi que la r\u00e9alisation des modifications \u00e9ventuellement demand\u00e9es par la DIRECCTE, conditionnent le b\u00e9n\u00e9fice des exon\u00e9rations fiscales et sociales attach\u00e9es \u00e0 l&rsquo;int\u00e9ressement.<\/p>\n<p>&nbsp;<\/p>\n","protected":false},"excerpt":{"rendered":"<p>L&rsquo;int\u00e9ressement est n\u00e9cessairement mis en place par accord, qui pr\u00e9cise toutes les conditions permettant de b\u00e9n\u00e9ficier du versement d&rsquo;une prime. Il est conclu selon les m\u00eames modalit\u00e9s qu&rsquo;un accord de participation et sa conclusion dans les d\u00e9lais conditionne le droit aux exon\u00e9rations fiscales et sociales pour l&rsquo;exercice en cours. Quand  [&#8230;]<\/p>\n","protected":false},"author":1,"featured_media":4476,"comment_status":"open","ping_status":"open","sticky":false,"template":"","format":"standard","meta":{"footnotes":""},"categories":[88,22],"tags":[],"class_list":["post-3770","post","type-post","status-publish","format-standard","has-post-thumbnail","hentry","category-remuneration-complementaire","category-salaire"],"_links":{"self":[{"href":"https:\/\/avocat-broquet.fr\/travail\/wp-json\/wp\/v2\/posts\/3770","targetHints":{"allow":["GET"]}}],"collection":[{"href":"https:\/\/avocat-broquet.fr\/travail\/wp-json\/wp\/v2\/posts"}],"about":[{"href":"https:\/\/avocat-broquet.fr\/travail\/wp-json\/wp\/v2\/types\/post"}],"author":[{"embeddable":true,"href":"https:\/\/avocat-broquet.fr\/travail\/wp-json\/wp\/v2\/users\/1"}],"replies":[{"embeddable":true,"href":"https:\/\/avocat-broquet.fr\/travail\/wp-json\/wp\/v2\/comments?post=3770"}],"version-history":[{"count":0,"href":"https:\/\/avocat-broquet.fr\/travail\/wp-json\/wp\/v2\/posts\/3770\/revisions"}],"wp:featuredmedia":[{"embeddable":true,"href":"https:\/\/avocat-broquet.fr\/travail\/wp-json\/"}],"wp:attachment":[{"href":"https:\/\/avocat-broquet.fr\/travail\/wp-json\/wp\/v2\/media?parent=3770"}],"wp:term":[{"taxonomy":"category","embeddable":true,"href":"https:\/\/avocat-broquet.fr\/travail\/wp-json\/wp\/v2\/categories?post=3770"},{"taxonomy":"post_tag","embeddable":true,"href":"https:\/\/avocat-broquet.fr\/travail\/wp-json\/wp\/v2\/tags?post=3770"}],"curies":[{"name":"wp","href":"https:\/\/api.w.org\/{rel}","templated":true}]}}