{"id":3763,"date":"2014-12-04T19:42:00","date_gmt":"2014-12-04T18:42:00","guid":{"rendered":"http:\/\/avocat-broquet.fr\/travail?p=3763&amp;preview_id=3763"},"modified":"2014-12-04T19:42:00","modified_gmt":"2014-12-04T18:42:00","slug":"quelles-sont-les-formalites-de-conclusion-et-de-depot-de-laccord-en-matiere-de-participation-aux-resultats","status":"publish","type":"post","link":"https:\/\/avocat-broquet.fr\/travail\/2014\/12\/04\/quelles-sont-les-formalites-de-conclusion-et-de-depot-de-laccord-en-matiere-de-participation-aux-resultats\/","title":{"rendered":"Quelles sont les formalit\u00e9s de conclusion et de d\u00e9p\u00f4t de l&rsquo;accord en mati\u00e8re de participation aux r\u00e9sultats ?"},"content":{"rendered":"<p><strong>Tous les employeurs appliquant la participation, soit ceux qui emploient 50 salari\u00e9s et plus, doivent n\u00e9gocier et conclure un accord de participation.\u00a0<\/strong><\/p>\n<h2><strong>L&rsquo;obligation de n\u00e9gocier et conclure un accord de participation aux r\u00e9sultats<\/strong><\/h2>\n<p>Il revient \u00e0 l&#8217;employeur dont l&rsquo;entreprise remplit la condition d&rsquo;effectif d&rsquo;initier le cycle de n\u00e9gociation et conclusion de l&rsquo;accord. L&#8217;employeur qui ne respecterait pas cette obligation s&rsquo;expose \u00e0, d&rsquo;une part, l&rsquo;application d&rsquo;un r\u00e9gime \u00ab\u00a0d&rsquo;autorit\u00e9\u00a0\u00bb fiscalement d\u00e9favorable, et d&rsquo;autre part, \u00e0 des poursuites judiciaires.<\/p>\n<h2><strong>Les modalit\u00e9s de mise en place de l&rsquo;accord de participation aux r\u00e9sultats<\/strong><\/h2>\n<p>Les <strong>modalit\u00e9s de conclusion de l&rsquo;accord de participation aux r\u00e9sultats <\/strong>sont les suivantes\u00a0:<\/p>\n<ul>\n<li>Par <strong>convention ou accord collectif de travail<\/strong>: il peut s&rsquo;agir d&rsquo;un accord d&rsquo;entreprise de droit commun, d&rsquo;un accord de groupe n\u00e9goci\u00e9, ou d&rsquo;un accord conclu au niveau de la branche professionnelle.<\/li>\n<li>Par <strong>accord entre l&#8217;employeur et les repr\u00e9sentants d&rsquo;organisations syndicales repr\u00e9sentatives<\/strong> dans l&rsquo;entreprise;<\/li>\n<li>Par<strong> accord conclu au sein du comit\u00e9 d&rsquo;entreprise<\/strong> ;<\/li>\n<li>A la suite de la <strong>ratification<\/strong>, \u00e0 la majorit\u00e9 des deux tiers du personnel, d&rsquo;un <strong>projet de contrat propos\u00e9 par l&#8217;employeur<\/strong>. S&rsquo;il existe dans l&rsquo;entreprise une ou plusieurs organisations syndicales repr\u00e9sentatives ou un comit\u00e9 d&rsquo;entreprise, la ratification est demand\u00e9e conjointement par l&#8217;employeur et une ou plusieurs de ces organisations ou ce comit\u00e9.<\/li>\n<\/ul>\n<p>Dans un souci de faciliter l&rsquo;acc\u00e8s \u00e0 la participation dans toutes les entreprises, y compris les plus petites, la loi du 30 novembre 2006 a rendu obligatoire la n\u00e9gociation d&rsquo;un accord par branche au plus tard le 30 d\u00e9cembre 2009. Concr\u00e8tement et d\u00e9sormais, dans chaque branche, les entreprises peuvent opter pour l&rsquo;application de l&rsquo;accord \u00ab\u00a0cl\u00e9s en mains\u00a0\u00bb ainsi n\u00e9goci\u00e9, par le biais d&rsquo;un accord d&rsquo;entreprise, d&rsquo;un accord avec le CE, ou par r\u00e9f\u00e9rendum.<\/p>\n<p>S&rsquo;agissant du d\u00e9p\u00f4t de l&rsquo;accord, les accords de participation doivent \u00eatre d\u00e9pos\u00e9s \u00e0 l&rsquo;unit\u00e9 territoriale de la Direccte du lieu de conclusion. Aucun d\u00e9lai de d\u00e9p\u00f4t n&rsquo;est fix\u00e9 par les textes mais les exon\u00e9rations fiscales et sociales attach\u00e9es \u00e0 la participation sont subordonn\u00e9es \u00e0 cette formalit\u00e9. L&rsquo;autorit\u00e9 administrative a 4 mois pour contester la r\u00e9gularit\u00e9 des dispositions de l&rsquo;accord.<\/p>\n<p>Les accords de participation peuvent \u00eatre conclus sans limitation de dur\u00e9e ou pour une p\u00e9riode d\u00e9termin\u00e9e, ou \u00eatre renouvelables par tacite reconduction.<\/p>\n<h2><strong>Les risques de l&rsquo;entreprise qui ne met pas d&rsquo;accord en place<\/strong><\/h2>\n<p>L&rsquo;entreprise qui r\u00e9pond aux conditions d&rsquo;effectif dispose d&rsquo;un d\u00e9lai d&rsquo;un an pour conclure un accord. Ce d\u00e9lai court\u00a0\u00e0 partir de la cl\u00f4ture de l&rsquo;exercice au titre duquel sont n\u00e9s les droits des salari\u00e9s. Si un accord n&rsquo;est pas conclu pass\u00e9 ce d\u00e9lai, la situation peut \u00eatre constat\u00e9e par l&rsquo;inspecteur du travail, et elle entra\u00eene l&rsquo;application d&rsquo;un <strong>r\u00e9gime d&rsquo;autorit\u00e9<\/strong> qui n&rsquo;ouvre pas droit aux exon\u00e9rations sociales selon la jurisprudence, et dont les modalit\u00e9s sont d&rsquo;application stricte (par exemple, tous les salari\u00e9s de l&rsquo;entreprise b\u00e9n\u00e9ficieront du dispositif, sans condition d&rsquo;anciennet\u00e9).<\/p>\n<p>&nbsp;<\/p>\n","protected":false},"excerpt":{"rendered":"<p>Tous les employeurs appliquant la participation, soit ceux qui emploient 50 salari\u00e9s et plus, doivent n\u00e9gocier et conclure un accord de participation.\u00a0 L&rsquo;obligation de n\u00e9gocier et conclure un accord de participation aux r\u00e9sultats Il revient \u00e0 l&#8217;employeur dont l&rsquo;entreprise remplit la condition d&rsquo;effectif d&rsquo;initier le cycle de n\u00e9gociation et conclusion  [&#8230;]<\/p>\n","protected":false},"author":1,"featured_media":4449,"comment_status":"open","ping_status":"open","sticky":false,"template":"","format":"standard","meta":{"footnotes":""},"categories":[90,88,22],"tags":[],"class_list":["post-3763","post","type-post","status-publish","format-standard","has-post-thumbnail","hentry","category-participation-des-salaries","category-remuneration-complementaire","category-salaire"],"_links":{"self":[{"href":"https:\/\/avocat-broquet.fr\/travail\/wp-json\/wp\/v2\/posts\/3763","targetHints":{"allow":["GET"]}}],"collection":[{"href":"https:\/\/avocat-broquet.fr\/travail\/wp-json\/wp\/v2\/posts"}],"about":[{"href":"https:\/\/avocat-broquet.fr\/travail\/wp-json\/wp\/v2\/types\/post"}],"author":[{"embeddable":true,"href":"https:\/\/avocat-broquet.fr\/travail\/wp-json\/wp\/v2\/users\/1"}],"replies":[{"embeddable":true,"href":"https:\/\/avocat-broquet.fr\/travail\/wp-json\/wp\/v2\/comments?post=3763"}],"version-history":[{"count":0,"href":"https:\/\/avocat-broquet.fr\/travail\/wp-json\/wp\/v2\/posts\/3763\/revisions"}],"wp:featuredmedia":[{"embeddable":true,"href":"https:\/\/avocat-broquet.fr\/travail\/wp-json\/"}],"wp:attachment":[{"href":"https:\/\/avocat-broquet.fr\/travail\/wp-json\/wp\/v2\/media?parent=3763"}],"wp:term":[{"taxonomy":"category","embeddable":true,"href":"https:\/\/avocat-broquet.fr\/travail\/wp-json\/wp\/v2\/categories?post=3763"},{"taxonomy":"post_tag","embeddable":true,"href":"https:\/\/avocat-broquet.fr\/travail\/wp-json\/wp\/v2\/tags?post=3763"}],"curies":[{"name":"wp","href":"https:\/\/api.w.org\/{rel}","templated":true}]}}