{"id":3726,"date":"2014-11-24T21:26:37","date_gmt":"2014-11-24T20:26:37","guid":{"rendered":"http:\/\/avocat-broquet.fr\/travail?p=3726&amp;preview_id=3726"},"modified":"2014-11-24T21:26:37","modified_gmt":"2014-11-24T20:26:37","slug":"comment-mettre-en-oeuvre-la-clause-de-non-concurrence","status":"publish","type":"post","link":"https:\/\/avocat-broquet.fr\/travail\/2014\/11\/24\/comment-mettre-en-oeuvre-la-clause-de-non-concurrence\/","title":{"rendered":"Comment mettre en oeuvre la clause de non-concurrence ?"},"content":{"rendered":"<p><strong>La clause de non-concurrence trouve son point de d\u00e9part \u00e0 la date de cessation effective des fonctions du salari\u00e9. Sa mise en place peut intervenir \u00e0 diff\u00e9rents moments de la relation entre l\u2019employeur et le salari\u00e9. Dans la\u00a0mesure o\u00f9 elle emporte des engagements pour chacune des parties, la renonciation \u00e0 la clause par l\u2019employeur n\u00e9cessite l\u2019accord du salari\u00e9. <\/strong><\/p>\n<h2><strong>A quel moment la clause de non-concurrence peut-elle \u00eatre pr\u00e9vue\u00a0?<\/strong><\/h2>\n<p>Puisque la <em>clause de non-concurrence<\/em> n\u2019est pas pr\u00e9vue par la loi, elle peut \u00eatre pr\u00e9vue soit par le biais de la convention collective, soit par le contrat de travail\u00a0:<\/p>\n<ul>\n<li>S\u2019agissant de la <strong>convention collective<\/strong>: dans le silence du contrat, il faut que le salari\u00e9 ait \u00e9t\u00e9 mis en mesure de prendre connaissance de l\u2019obligation de non-concurrence pr\u00e9vue par la convention collective lors de son embauche. Sinon, la clause ne sera pas applicable.<\/li>\n<\/ul>\n<ul>\n<li>S\u2019agissant du <strong>contrat de travail<\/strong>: le contrat peut pr\u00e9voir une clause de non-concurrence d\u00e8s l\u2019embauche du salari\u00e9. Si l\u2019employeur souhaite int\u00e9grer une telle clause en cours d\u2019ex\u00e9cution du contrat, l\u2019accord du salari\u00e9 est n\u00e9cessaire puisqu\u2019il s\u2019agit d\u2019une modification du contrat.<\/li>\n<\/ul>\n<h2><strong>Le motif de la rupture peut-il influer sur l\u2019application de la clause de non-concurrence ?<\/strong><\/h2>\n<p>Les parties ont le choix. Elles sont libres de convenir des cas de rupture qui entra\u00eeneront l\u2019application de la clause de non-concurrence. A d\u00e9faut de pr\u00e9cision, la clause de non-concurrence est applicable, et la contrepartie financi\u00e8re vers\u00e9e, en cas (entre autres) de survenance du terme d\u2019un CDD, d\u2019un d\u00e9part en retraite, d\u2019une d\u00e9mission, d\u2019un licenciement pour motif personnel ou \u00e9conomique, et m\u00eame en cas de rupture pendant la p\u00e9riode d\u2019essai.<\/p>\n<h2><strong>Qu\u2019en est-il de la renonciation \u00e0 une telle clause\u00a0?<\/strong><\/h2>\n<p>Si l\u2019employeur souhaite renoncer \u00e0 la clause, il ne peut le faire qu\u2019avec <strong>l\u2019accord du salari\u00e9<\/strong> si la convention collective ou le contrat de travail ne lui ont pas donn\u00e9 la possibilit\u00e9 de le faire de fa\u00e7on unilat\u00e9rale.<\/p>\n<p>Dans tous les cas, si les modalit\u00e9s de la renonciation sont pr\u00e9vues par les dispositions conventionnelles ou contractuelles, l\u2019employeur est tenu de les respecter.<\/p>\n<p>La renonciation doit r\u00e9pondre \u00e0 des conditions particuli\u00e8res\u00a0:<\/p>\n<ul>\n<li>Elle doit \u00eatre <strong>explicite et non \u00e9quivoque<\/strong>: il ne doit y avoir aucune ambig\u00fcit\u00e9, la renonciation ne peut pas se d\u00e9duire. Par exemple, si l\u2019employeur et le salari\u00e9 sont amen\u00e9s \u00e0 conclure une transaction apr\u00e8s la rupture du contrat de travail, et que celle-ci contient la mention \u00ab\u00a0libre de tout engagement\u00a0\u00bb, cela ne suffit pas \u00e0 en d\u00e9duire que l\u2019employeur renonce \u00e0 la clause.<\/li>\n<li>Elle doit respecter des <strong>formes et des d\u00e9lais pr\u00e9cis<\/strong>: si la convention pr\u00e9voit des modalit\u00e9s pr\u00e9cises pour la renonciation, comme l\u2019envoi d\u2019une lettre recommand\u00e9e avec avis de r\u00e9ception, l\u2019employeur est tenu de les respecter. A d\u00e9faut, il devra verser la contrepartie financi\u00e8re au salari\u00e9.<\/li>\n<\/ul>\n<p>La renonciation doit \u00eatre notifi\u00e9e individuellement au salari\u00e9.<\/p>\n<h4><strong>Remarque<\/strong>\u00a0:<\/h4>\n<p>La clause qui r\u00e9serve \u00e0 l\u2019employeur la facult\u00e9 d\u2019y renoncer \u00e0 tout moment au cours de son ex\u00e9cution est nulle. Sauf disposition conventionnelle ou contractuelle contraire fixant le d\u00e9lai de renonciation, l\u2019employeur qui licencie un salari\u00e9 ne peut lib\u00e9rer ce dernier de son obligation de non-concurrence qu\u2019au moment du licenciement, d\u00e8s le d\u00e9part effectif du salari\u00e9.<\/p>\n<p>Ce qui compte, c\u2019est que si l\u2019employeur d\u00e9cide finalement de\u00a0renoncer\u00a0\u00e0 la clause, il doit le faire dans un d\u00e9lai raisonnable.<\/p>\n","protected":false},"excerpt":{"rendered":"<p>La clause de non-concurrence trouve son point de d\u00e9part \u00e0 la date de cessation effective des fonctions du salari\u00e9. Sa mise en place peut intervenir \u00e0 diff\u00e9rents moments de la relation entre l\u2019employeur et le salari\u00e9. Dans la\u00a0mesure o\u00f9 elle emporte des engagements pour chacune des parties, la renonciation \u00e0  [&#8230;]<\/p>\n","protected":false},"author":1,"featured_media":4266,"comment_status":"open","ping_status":"open","sticky":false,"template":"","format":"standard","meta":{"footnotes":""},"categories":[84],"tags":[],"class_list":["post-3726","post","type-post","status-publish","format-standard","has-post-thumbnail","hentry","category-clause-de-non-concurrence"],"_links":{"self":[{"href":"https:\/\/avocat-broquet.fr\/travail\/wp-json\/wp\/v2\/posts\/3726","targetHints":{"allow":["GET"]}}],"collection":[{"href":"https:\/\/avocat-broquet.fr\/travail\/wp-json\/wp\/v2\/posts"}],"about":[{"href":"https:\/\/avocat-broquet.fr\/travail\/wp-json\/wp\/v2\/types\/post"}],"author":[{"embeddable":true,"href":"https:\/\/avocat-broquet.fr\/travail\/wp-json\/wp\/v2\/users\/1"}],"replies":[{"embeddable":true,"href":"https:\/\/avocat-broquet.fr\/travail\/wp-json\/wp\/v2\/comments?post=3726"}],"version-history":[{"count":0,"href":"https:\/\/avocat-broquet.fr\/travail\/wp-json\/wp\/v2\/posts\/3726\/revisions"}],"wp:featuredmedia":[{"embeddable":true,"href":"https:\/\/avocat-broquet.fr\/travail\/wp-json\/"}],"wp:attachment":[{"href":"https:\/\/avocat-broquet.fr\/travail\/wp-json\/wp\/v2\/media?parent=3726"}],"wp:term":[{"taxonomy":"category","embeddable":true,"href":"https:\/\/avocat-broquet.fr\/travail\/wp-json\/wp\/v2\/categories?post=3726"},{"taxonomy":"post_tag","embeddable":true,"href":"https:\/\/avocat-broquet.fr\/travail\/wp-json\/wp\/v2\/tags?post=3726"}],"curies":[{"name":"wp","href":"https:\/\/api.w.org\/{rel}","templated":true}]}}