{"id":107,"date":"2011-12-22T12:33:46","date_gmt":"2011-12-22T11:33:46","guid":{"rendered":"http:\/\/travail.avocat-broquet.fr\/?p=107"},"modified":"2011-12-22T12:33:46","modified_gmt":"2011-12-22T11:33:46","slug":"les-mesures-prevues-en-faveur-dun-salarie-ayant-un-enfant-malade","status":"publish","type":"post","link":"https:\/\/avocat-broquet.fr\/travail\/2011\/12\/22\/les-mesures-prevues-en-faveur-dun-salarie-ayant-un-enfant-malade\/","title":{"rendered":"Les mesures pr\u00e9vues en faveur d\u2019un salari\u00e9 ayant un enfant malade"},"content":{"rendered":"<p><a href=\"http:\/\/avocat-broquet.fr\/travail\/wp-content\/uploads\/sites\/3\/2011\/12\/enfant-malade-travail.jpg\"><img decoding=\"async\" class=\"size-medium wp-image-1896 alignleft\" style=\"margin: 5px\" alt=\"Enfant malade et salari\u00e9\" src=\"http:\/\/avocat-broquet.fr\/travail\/wp-content\/uploads\/sites\/3\/2011\/12\/enfant-malade-travail-300x200.jpg\" width=\"300\" height=\"200\" \/><\/a>Un salari\u00e9 peut b\u00e9n\u00e9ficier d\u2019un cong\u00e9 non r\u00e9mun\u00e9r\u00e9 d\u00e8s lors que son enfant, \u00e2g\u00e9 de moins de 16 ans, est malade ou victime d\u2019un accident. Pour \u00eatre accord\u00e9, le salari\u00e9 doit fournir \u00e0 son employeur un certificat m\u00e9dical attestant de l\u2019\u00e9tat de sant\u00e9 de l\u2019enfant.<\/p>\n<p>La dur\u00e9e maximale du cong\u00e9 est de <strong>3 jours par an. <\/strong>Elle est port\u00e9e \u00e0 <strong>5 jours\u00a0:<\/strong><strong>\u00a0<\/strong><\/p>\n<ul>\n<li>si l\u2019enfant est \u00e2g\u00e9 de moins d\u2019un an<strong><\/strong><\/li>\n<li>ou, si le salari\u00e9 assume la charge d\u2019au moins trois enfants \u00e2g\u00e9s de moins de 16 ans. <strong><\/strong><\/li>\n<\/ul>\n<p><strong>\u00a0<\/strong><\/p>\n<p>Les dispositions r\u00e9glementaires ou conventionnelles applicables dans l\u2019entreprise peuvent cependant pr\u00e9voir une dur\u00e9e plus longue, c\u2019est pourquoi il est imp\u00e9ratif de s\u2019y r\u00e9f\u00e9rer.<\/p>\n<p>Dans des cas plus graves, le parent salari\u00e9 peut b\u00e9n\u00e9ficier d\u2019un cong\u00e9 beaucoup plus long pour s\u2019occuper de son enfant. Il s\u2019agit du <strong>cong\u00e9 de pr\u00e9sence parentale <\/strong>que peut prendre le parent dont l\u2019enfant de moins de 20 ans est victime d\u2019une maladie, d\u2019un accident ou d\u2019un handicap d\u2019une particuli\u00e8re gravit\u00e9 n\u00e9cessitant des soins contraignants et la pr\u00e9sence soutenue d\u2019une personne.<\/p>\n<p>Le salari\u00e9 en cong\u00e9 de pr\u00e9sence parentale b\u00e9n\u00e9ficie de 3<strong>10 jours <\/strong>\u00e0 prendre sur une p\u00e9riode de trois ans en fonction des besoins de l\u2019enfant.<\/p>\n<p>Ces jours de cong\u00e9s ne sont pas r\u00e9mun\u00e9r\u00e9s par l\u2019employeur. Cependant, ils peuvent, sous certaines conditions ouvrir droit \u00e0 l\u2019allocation journali\u00e8re de pr\u00e9sence parentale vers\u00e9e par la s\u00e9curit\u00e9 sociale.<\/p>\n<p>&nbsp;<\/p>\n","protected":false},"excerpt":{"rendered":"<p>Un salari\u00e9 peut b\u00e9n\u00e9ficier d\u2019un cong\u00e9 non r\u00e9mun\u00e9r\u00e9 d\u00e8s lors que son enfant, \u00e2g\u00e9 de moins de 16 ans, est malade ou victime d\u2019un accident. Pour \u00eatre accord\u00e9, le salari\u00e9 doit fournir \u00e0 son employeur un certificat m\u00e9dical attestant de l\u2019\u00e9tat de sant\u00e9 de l\u2019enfant. La dur\u00e9e maximale du cong\u00e9  [&#8230;]<\/p>\n","protected":false},"author":1,"featured_media":1896,"comment_status":"open","ping_status":"open","sticky":false,"template":"","format":"standard","meta":{"footnotes":""},"categories":[19],"tags":[],"class_list":["post-107","post","type-post","status-publish","format-standard","has-post-thumbnail","hentry","category-conges"],"_links":{"self":[{"href":"https:\/\/avocat-broquet.fr\/travail\/wp-json\/wp\/v2\/posts\/107","targetHints":{"allow":["GET"]}}],"collection":[{"href":"https:\/\/avocat-broquet.fr\/travail\/wp-json\/wp\/v2\/posts"}],"about":[{"href":"https:\/\/avocat-broquet.fr\/travail\/wp-json\/wp\/v2\/types\/post"}],"author":[{"embeddable":true,"href":"https:\/\/avocat-broquet.fr\/travail\/wp-json\/wp\/v2\/users\/1"}],"replies":[{"embeddable":true,"href":"https:\/\/avocat-broquet.fr\/travail\/wp-json\/wp\/v2\/comments?post=107"}],"version-history":[{"count":0,"href":"https:\/\/avocat-broquet.fr\/travail\/wp-json\/wp\/v2\/posts\/107\/revisions"}],"wp:featuredmedia":[{"embeddable":true,"href":"https:\/\/avocat-broquet.fr\/travail\/wp-json\/"}],"wp:attachment":[{"href":"https:\/\/avocat-broquet.fr\/travail\/wp-json\/wp\/v2\/media?parent=107"}],"wp:term":[{"taxonomy":"category","embeddable":true,"href":"https:\/\/avocat-broquet.fr\/travail\/wp-json\/wp\/v2\/categories?post=107"},{"taxonomy":"post_tag","embeddable":true,"href":"https:\/\/avocat-broquet.fr\/travail\/wp-json\/wp\/v2\/tags?post=107"}],"curies":[{"name":"wp","href":"https:\/\/api.w.org\/{rel}","templated":true}]}}