{"id":105,"date":"2011-12-21T23:32:49","date_gmt":"2011-12-21T22:32:49","guid":{"rendered":"http:\/\/travail.avocat-broquet.fr\/?p=105"},"modified":"2011-12-21T23:32:49","modified_gmt":"2011-12-21T22:32:49","slug":"les-incidences-de-la-maladie-sur-les-conges-payes","status":"publish","type":"post","link":"https:\/\/avocat-broquet.fr\/travail\/2011\/12\/21\/les-incidences-de-la-maladie-sur-les-conges-payes\/","title":{"rendered":"Les incidences de la maladie sur les cong\u00e9s pay\u00e9s"},"content":{"rendered":"<p><a href=\"http:\/\/avocat-broquet.fr\/travail\/wp-content\/uploads\/sites\/3\/2011\/12\/cong\u00e9s-pay\u00e9s-maladie.jpg\"><img decoding=\"async\" class=\"size-medium wp-image-1900 alignleft\" style=\"margin: 5px\" alt=\"Salari\u00e9 malade en cong\u00e9 maladie\" src=\"http:\/\/avocat-broquet.fr\/travail\/wp-content\/uploads\/sites\/3\/2011\/12\/cong\u00e9s-pay\u00e9s-maladie-300x200.jpg\" width=\"300\" height=\"200\" \/><\/a>Les cong\u00e9s pay\u00e9s sont calcul\u00e9s en fonction du nombre de jours travaill\u00e9s sur une ann\u00e9e (du 1<sup>er<\/sup> juin de l\u2019ann\u00e9e pr\u00e9c\u00e9dente au 31 mai de l\u2019ann\u00e9e en cours).<\/p>\n<p>Pour un mois de travail, le salari\u00e9 b\u00e9n\u00e9ficie de 2,5 jours de cong\u00e9s pay\u00e9s. Cependant, seuls les jours de travail <strong>effectifs<\/strong> sont pris en compte pour le calcul des cong\u00e9s. Les jours d\u2019absences sont donc exclus. Ainsi\u00a0:<\/p>\n<ul>\n<li><strong>Si le salari\u00e9 tombe malade au cours de l\u2019ann\u00e9e\u00a0: <\/strong>sa p\u00e9riode d\u2019absence pour maladie n\u2019est pas consid\u00e9r\u00e9e comme une p\u00e9riode de travail effectif. Il est donc susceptible de perdre des jours de cong\u00e9s, en fonction de la dur\u00e9e de sa maladie. Sur ce point, de nombreuses conventions collectives consid\u00e8rent que, dans une certaine limite de dur\u00e9e, les absences pour maladie ne peuvent entrainer de r\u00e9duction des cong\u00e9s pay\u00e9s.<\/li>\n<li>Si <strong>le salari\u00e9 tombe malade avant son d\u00e9part en cong\u00e9, <\/strong>celui ci peut demander \u00e0 son employeur le report de ses cong\u00e9s. Il pourra donc en b\u00e9n\u00e9ficier \u00e0 la fin de son arr\u00eat de travail et ce, m\u00eame si la p\u00e9riode de prise de cong\u00e9s pr\u00e9vue dans l\u2019entreprise est expir\u00e9e.<\/li>\n<li>Si <strong>le salari\u00e9 tombe malade pendant ses cong\u00e9s<\/strong>, il ne peut pas demander qu\u2019ils cong\u00e9 soient prolong\u00e9s de la dur\u00e9e de sa maladie, ou report\u00e9. Son employeur est\u00a0 seulement tenu de lui verser l\u2019indemnit\u00e9 de cong\u00e9 pay\u00e9\u00a0 et non les indemnit\u00e9s conventionnelles normalement dues en cas de maladie.<\/li>\n<\/ul>\n<p>&nbsp;<\/p>\n","protected":false},"excerpt":{"rendered":"<p>Les cong\u00e9s pay\u00e9s sont calcul\u00e9s en fonction du nombre de jours travaill\u00e9s sur une ann\u00e9e (du 1er juin de l\u2019ann\u00e9e pr\u00e9c\u00e9dente au 31 mai de l\u2019ann\u00e9e en cours). Pour un mois de travail, le salari\u00e9 b\u00e9n\u00e9ficie de 2,5 jours de cong\u00e9s pay\u00e9s. Cependant, seuls les jours de travail effectifs sont  [&#8230;]<\/p>\n","protected":false},"author":1,"featured_media":1900,"comment_status":"open","ping_status":"open","sticky":false,"template":"","format":"standard","meta":{"footnotes":""},"categories":[19],"tags":[],"class_list":["post-105","post","type-post","status-publish","format-standard","has-post-thumbnail","hentry","category-conges"],"_links":{"self":[{"href":"https:\/\/avocat-broquet.fr\/travail\/wp-json\/wp\/v2\/posts\/105","targetHints":{"allow":["GET"]}}],"collection":[{"href":"https:\/\/avocat-broquet.fr\/travail\/wp-json\/wp\/v2\/posts"}],"about":[{"href":"https:\/\/avocat-broquet.fr\/travail\/wp-json\/wp\/v2\/types\/post"}],"author":[{"embeddable":true,"href":"https:\/\/avocat-broquet.fr\/travail\/wp-json\/wp\/v2\/users\/1"}],"replies":[{"embeddable":true,"href":"https:\/\/avocat-broquet.fr\/travail\/wp-json\/wp\/v2\/comments?post=105"}],"version-history":[{"count":0,"href":"https:\/\/avocat-broquet.fr\/travail\/wp-json\/wp\/v2\/posts\/105\/revisions"}],"wp:featuredmedia":[{"embeddable":true,"href":"https:\/\/avocat-broquet.fr\/travail\/wp-json\/"}],"wp:attachment":[{"href":"https:\/\/avocat-broquet.fr\/travail\/wp-json\/wp\/v2\/media?parent=105"}],"wp:term":[{"taxonomy":"category","embeddable":true,"href":"https:\/\/avocat-broquet.fr\/travail\/wp-json\/wp\/v2\/categories?post=105"},{"taxonomy":"post_tag","embeddable":true,"href":"https:\/\/avocat-broquet.fr\/travail\/wp-json\/wp\/v2\/tags?post=105"}],"curies":[{"name":"wp","href":"https:\/\/api.w.org\/{rel}","templated":true}]}}