{"id":1386,"date":"2012-07-30T22:57:05","date_gmt":"2012-07-30T22:57:05","guid":{"rendered":"http:\/\/divorce.avocat-broquet.fr\/?p=1386"},"modified":"2012-07-30T22:57:05","modified_gmt":"2012-07-30T22:57:05","slug":"droit-de-visite-et-dhebergement-et-interet-de-lenfant","status":"publish","type":"post","link":"https:\/\/avocat-broquet.fr\/divorce\/2012\/07\/30\/droit-de-visite-et-dhebergement-et-interet-de-lenfant\/","title":{"rendered":"Droit de visite du p\u00e8re et int\u00e9r\u00eat de l\u2019enfant"},"content":{"rendered":"<p style=\"text-align: justify\"><strong>En l&rsquo;absence de preuve d&rsquo;un comportement inadapt\u00e9 du p\u00e8re pour l&rsquo;accueil de son enfant (en l\u2019occurrence une d\u00e9pendance d\u00e9clar\u00e9e \u00e0 l\u2019alcool), l\u2019int\u00e9r\u00eat de l\u2019enfant commande \u00e0 ce que soit \u00e9cart\u00e9e toute limitation particuli\u00e8re du droit de visite et d&rsquo;h\u00e9bergement du p\u00e8re.<\/strong><\/p>\n<p style=\"text-align: justify\">Dans un jugement du 24 avril 2007, le juge aux affaires familiales du tribunal de grande instance de Montpellier a prononc\u00e9 le divorce des \u00e9poux et supprim\u00e9 le droit de visite m\u00e9diatis\u00e9 du p\u00e8re sur leur enfant commun.<\/p>\n<p style=\"text-align: justify\">Par un arr\u00eat du 18 novembre 2009, la cour d&rsquo;appel de Montpellier est revenue sur la pr\u00e9c\u00e9dente d\u00e9cision en d\u00e9clarant que, sauf meilleur accord, le droit de visite et d&rsquo;h\u00e9bergement du p\u00e8re \u00e0 l&rsquo;\u00e9gard de l&rsquo;enfant <em>\u00ab\u00a0s&rsquo;exercera pendant la premi\u00e8re moiti\u00e9 des vacances scolaires en alternance la premi\u00e8re moiti\u00e9 les ann\u00e9es paires et la seconde moiti\u00e9 les ann\u00e9es impaires, \u00e0 charge pour [la m\u00e8re] d&rsquo;amener ou de faire amener l&rsquo;enfant par un tiers digne de confiance au domicile [du p\u00e8re] et pour [celui-ci] de ramener ou de faire ramener l&rsquo;enfant par un tiers digne de confiance au lieu de r\u00e9sidence habituelle ou en tout autre lieu convenu entre les parties\u00a0\u00bb<\/em>.<\/p>\n<p style=\"text-align: justify\">Pour aboutir \u00e0 une telle solution, la cour d\u2019appel s\u2019est fond\u00e9e sur le rapport du 23 mars 2009 de l\u2019enqu\u00eateur social d\u00e9sign\u00e9 dans lequel celui-ci avait d\u00e9clar\u00e9 qu&rsquo;\u00a0<em>\u00ab\u00a0aucun \u00e9l\u00e9ment objectif ne permettait de dire que M. X&#8230; \u00e9tait dans une d\u00e9pendance vis-\u00e0-vis de l&rsquo;alcool entra\u00eenant un comportement inadapt\u00e9 pour l&rsquo;accueil de sa fille\u00a0\u00bb<\/em>.<\/p>\n<p style=\"text-align: justify\">L\u2019\u00e9pouse se pourvoie alors en cassation de cet arr\u00eat, se fondant sur l&rsquo;article 373-2-6 du Code civil. Elle reprochait \u00e0 la Cour d\u2019Appel s\u2019avoir statu\u00e9 <em>\u00ab\u00a0sans avoir recherch\u00e9 quel \u00e9tait l&rsquo;int\u00e9r\u00eat de l&rsquo;enfant\u00a0\u00bb<\/em>.<\/p>\n<p style=\"text-align: justify\">Dans un arr\u00eat du 12 octobre 2011, la Cour de cassation rejette le pourvoi et d\u00e9clare au contraire que <em>\u00ab\u00a0la cour d&rsquo;appel, prenant en consid\u00e9ration la sauvegarde des int\u00e9r\u00eats de [l&rsquo;enfant] et proc\u00e9dant ainsi \u00e0 la recherche qu&rsquo;il lui est reproch\u00e9 d&rsquo;avoir omise, a souverainement estim\u00e9 que l&rsquo;int\u00e9r\u00eat de l&rsquo;enfant commandait que soit accueillie la demande de droit de visite et d&rsquo;h\u00e9bergement de son p\u00e8re\u00a0\u00bb.<\/em><\/p>\n<p><em><strong>Vous souhaitez engager une proc\u00e9dure de divorce amiable ou pour faute ? Vous souhaitez consulter nos avocats suite \u00e0 un probl\u00e8me dans l&rsquo;exercice du droit de visite et d&rsquo;h\u00e9bergement de vos enfants ?<br \/>\n<\/strong><\/em><br \/>\n<strong><em>Vous pouvez contacter notre Cabinet d\u2019avocats par t\u00e9l\u00e9phone au <span style=\"color: #ff0000\">01.42.86.87.46<\/span> ou remplir notre formulaire de devis divorce situ\u00e9 \u00e0 votre droite.<\/em><br \/>\n<\/strong><\/p>\n","protected":false},"excerpt":{"rendered":"<p>En l&rsquo;absence de preuve d&rsquo;un comportement inadapt\u00e9 du p\u00e8re pour l&rsquo;accueil de son enfant (en l\u2019occurrence une d\u00e9pendance d\u00e9clar\u00e9e \u00e0 l\u2019alcool), l\u2019int\u00e9r\u00eat de l\u2019enfant commande \u00e0 ce que soit \u00e9cart\u00e9e toute limitation particuli\u00e8re du droit de visite et d&rsquo;h\u00e9bergement du p\u00e8re. Dans un jugement du 24 avril 2007, le juge  [&#8230;]<\/p>\n","protected":false},"author":1,"featured_media":1387,"comment_status":"open","ping_status":"open","sticky":false,"template":"","format":"standard","meta":{"_acf_changed":false,"footnotes":""},"categories":[85],"tags":[21,23],"class_list":["post-1386","post","type-post","status-publish","format-standard","has-post-thumbnail","hentry","category-droit-de-visite-et-dhebergement-actualite","tag-autorite-parentale","tag-droit-de-visite-et-dhebergement"],"acf":[],"_links":{"self":[{"href":"https:\/\/avocat-broquet.fr\/divorce\/wp-json\/wp\/v2\/posts\/1386","targetHints":{"allow":["GET"]}}],"collection":[{"href":"https:\/\/avocat-broquet.fr\/divorce\/wp-json\/wp\/v2\/posts"}],"about":[{"href":"https:\/\/avocat-broquet.fr\/divorce\/wp-json\/wp\/v2\/types\/post"}],"author":[{"embeddable":true,"href":"https:\/\/avocat-broquet.fr\/divorce\/wp-json\/wp\/v2\/users\/1"}],"replies":[{"embeddable":true,"href":"https:\/\/avocat-broquet.fr\/divorce\/wp-json\/wp\/v2\/comments?post=1386"}],"version-history":[{"count":0,"href":"https:\/\/avocat-broquet.fr\/divorce\/wp-json\/wp\/v2\/posts\/1386\/revisions"}],"wp:featuredmedia":[{"embeddable":true,"href":"https:\/\/avocat-broquet.fr\/divorce\/wp-json\/"}],"wp:attachment":[{"href":"https:\/\/avocat-broquet.fr\/divorce\/wp-json\/wp\/v2\/media?parent=1386"}],"wp:term":[{"taxonomy":"category","embeddable":true,"href":"https:\/\/avocat-broquet.fr\/divorce\/wp-json\/wp\/v2\/categories?post=1386"},{"taxonomy":"post_tag","embeddable":true,"href":"https:\/\/avocat-broquet.fr\/divorce\/wp-json\/wp\/v2\/tags?post=1386"}],"curies":[{"name":"wp","href":"https:\/\/api.w.org\/{rel}","templated":true}]}}